{"id":16336,"date":"2019-12-01T06:10:51","date_gmt":"2019-12-01T05:10:51","guid":{"rendered":"https:\/\/www.wait2.roomy.be\/?p=16336"},"modified":"2020-09-17T11:06:14","modified_gmt":"2020-09-17T09:06:14","slug":"chambre-house-by-the-lake","status":"publish","type":"post","link":"https:\/\/www.roomy.be\/fr\/bruxelles-anderlecht-parc\/chambre-house-by-the-lake\/","title":{"rendered":"House by the Lake &#8211; Bruxelles Anderlecht (Parc)"},"content":{"rendered":"<div class=\"wpb-content-wrapper\"><p>[vc_row padding_top_multiplier=\u00a0\u00bb\u00a0\u00bb padding_bottom_multiplier=\u00a0\u00bb\u00a0\u00bb equal_column_height=\u00a0\u00bbmiddle-content\u00a0\u00bb][vc_column width=\u00a0\u00bb3\/5&Prime; css=\u00a0\u00bb.vc_custom_1560443423244{margin-bottom: 30px !important;}\u00a0\u00bb]<h3 class=\"grve-element grve-title grve-align-left grve-h3\" style=\"margin-bottom: 10px;\"><span>Bruxelles Anderlecht (Parc)<\/span><\/h3><h3 class=\"grve-element grve-title grve-align-left grve-h6\" style=\"margin-bottom: 20px;\"><span><span class=\"grve-text-primary-1\">House by the Lake<\/span><\/span><\/h3><div class=\"grve-element grve-slider grve-layout-1 grve-gallery-popup\"  style=\" \">  <div class=\"grve-carousel-wrapper\"><div class=\"grve-carousel-navigation grve-dark grve-navigation-1 grve-navigation-default\"><div class=\"grve-carousel-buttons\"><div class=\"grve-carousel-prev\"><i class=\"grve-icon-nav-left-small\"><\/i><span class=\"screen-reader-text\">Previous<\/span><\/div><div class=\"grve-carousel-next\"><i class=\"grve-icon-nav-right-small\"><\/i><span class=\"screen-reader-text\">Next<\/span><\/div><\/div><\/div><div class=\"grve-slider-element owl-carousel grve-theme\" data-slider-speed=\"3500\" data-slider-pause=\"no\" data-slider-autoplay=\"yes\" data-slider-loop=\"yes\" data-slider-transition=\"slide\" data-slider-autoheight=\"no\" data-pagination=\"yes\"><div class=\"grve-slider-item grve-hover-item grve-hover-style-none\">  <figure class=\"grve-image-hover grve-zoom-none\"><div class=\"grve-media\"><img decoding=\"async\" width=\"1800\" height=\"1200\" src=\"https:\/\/www.roomy.be\/wp-content\/uploads\/2019\/06\/20190716_Utopix_Immo_Roomy_Seyers-Leo_03-REZ.jpg\" class=\"attachment-movedo-grve-fullscreen size-movedo-grve-fullscreen\" alt=\"House by the Lake Chambre 1 personne maison Roomy Bruxelles Anderlecht\" srcset=\"https:\/\/www.roomy.be\/wp-content\/uploads\/2019\/06\/20190716_Utopix_Immo_Roomy_Seyers-Leo_03-REZ.jpg 1800w, https:\/\/www.roomy.be\/wp-content\/uploads\/2019\/06\/20190716_Utopix_Immo_Roomy_Seyers-Leo_03-REZ-300x200.jpg 300w, https:\/\/www.roomy.be\/wp-content\/uploads\/2019\/06\/20190716_Utopix_Immo_Roomy_Seyers-Leo_03-REZ-768x512.jpg 768w, https:\/\/www.roomy.be\/wp-content\/uploads\/2019\/06\/20190716_Utopix_Immo_Roomy_Seyers-Leo_03-REZ-1024x683.jpg 1024w\" sizes=\"(max-width: 1800px) 100vw, 1800px\" \/><\/div>  <\/figure><\/div><div class=\"grve-slider-item grve-hover-item grve-hover-style-none\">  <figure class=\"grve-image-hover grve-zoom-none\"><div class=\"grve-media\"><img decoding=\"async\" width=\"1800\" height=\"1200\" src=\"https:\/\/www.roomy.be\/wp-content\/uploads\/2019\/06\/20190716_Utopix_Immo_Roomy_Seyers-Leo_04-REZ.jpg\" class=\"attachment-movedo-grve-fullscreen size-movedo-grve-fullscreen\" alt=\"Chambre 1 personne Rez-de-chauss\u00e9e maison Roomy Bruxelles\" srcset=\"https:\/\/www.roomy.be\/wp-content\/uploads\/2019\/06\/20190716_Utopix_Immo_Roomy_Seyers-Leo_04-REZ.jpg 1800w, https:\/\/www.roomy.be\/wp-content\/uploads\/2019\/06\/20190716_Utopix_Immo_Roomy_Seyers-Leo_04-REZ-300x200.jpg 300w, https:\/\/www.roomy.be\/wp-content\/uploads\/2019\/06\/20190716_Utopix_Immo_Roomy_Seyers-Leo_04-REZ-768x512.jpg 768w, https:\/\/www.roomy.be\/wp-content\/uploads\/2019\/06\/20190716_Utopix_Immo_Roomy_Seyers-Leo_04-REZ-1024x683.jpg 1024w\" sizes=\"(max-width: 1800px) 100vw, 1800px\" \/><\/div>  <\/figure><\/div><div class=\"grve-slider-item grve-hover-item grve-hover-style-none\">  <figure class=\"grve-image-hover grve-zoom-none\"><div class=\"grve-media\"><img decoding=\"async\" width=\"1800\" height=\"1200\" src=\"https:\/\/www.roomy.be\/wp-content\/uploads\/2019\/06\/20190716_Utopix_Immo_Roomy_Seyers-Leo_05-REZ.jpg\" class=\"attachment-movedo-grve-fullscreen size-movedo-grve-fullscreen\" alt=\"Chambre 1 personne Rez-de-chauss\u00e9e maison Roomy Bruxelles\" srcset=\"https:\/\/www.roomy.be\/wp-content\/uploads\/2019\/06\/20190716_Utopix_Immo_Roomy_Seyers-Leo_05-REZ.jpg 1800w, https:\/\/www.roomy.be\/wp-content\/uploads\/2019\/06\/20190716_Utopix_Immo_Roomy_Seyers-Leo_05-REZ-300x200.jpg 300w, https:\/\/www.roomy.be\/wp-content\/uploads\/2019\/06\/20190716_Utopix_Immo_Roomy_Seyers-Leo_05-REZ-768x512.jpg 768w, https:\/\/www.roomy.be\/wp-content\/uploads\/2019\/06\/20190716_Utopix_Immo_Roomy_Seyers-Leo_05-REZ-1024x683.jpg 1024w\" sizes=\"(max-width: 1800px) 100vw, 1800px\" \/><\/div>  <\/figure><\/div><div class=\"grve-slider-item grve-hover-item grve-hover-style-none\">  <figure class=\"grve-image-hover grve-zoom-none\"><div class=\"grve-media\"><img decoding=\"async\" width=\"1800\" height=\"1200\" src=\"https:\/\/www.roomy.be\/wp-content\/uploads\/2019\/06\/20190716_Utopix_Immo_Roomy_Seyers-Leo_06-REZ.jpg\" class=\"attachment-movedo-grve-fullscreen size-movedo-grve-fullscreen\" alt=\"Salle de douche priv\u00e9e maison Roomy Bruxelles\" srcset=\"https:\/\/www.roomy.be\/wp-content\/uploads\/2019\/06\/20190716_Utopix_Immo_Roomy_Seyers-Leo_06-REZ.jpg 1800w, https:\/\/www.roomy.be\/wp-content\/uploads\/2019\/06\/20190716_Utopix_Immo_Roomy_Seyers-Leo_06-REZ-300x200.jpg 300w, https:\/\/www.roomy.be\/wp-content\/uploads\/2019\/06\/20190716_Utopix_Immo_Roomy_Seyers-Leo_06-REZ-768x512.jpg 768w, https:\/\/www.roomy.be\/wp-content\/uploads\/2019\/06\/20190716_Utopix_Immo_Roomy_Seyers-Leo_06-REZ-1024x683.jpg 1024w\" sizes=\"(max-width: 1800px) 100vw, 1800px\" \/><\/div>  <\/figure><\/div>\t<\/div>  <\/div><\/div><div class=\"grve-empty-space\" style=\"height: 35px;\"><\/div>[vc_column_text]Chambre exclusive au rez de chauss\u00e9e b\u00e9n\u00e9ficiant de sa salle de douche priv\u00e9e ainsi que d&rsquo;un acc\u00e8s direct \u00e0 la terrasse et au jardin \u00e0 travers une lumineuse porte-fen\u00eatre.[\/vc_column_text]<div class=\"grve-empty-space\" style=\"height: 35px;\"><\/div>[\/vc_column][vc_column width=\u00a0\u00bb2\/5&Prime; shadow=\u00a0\u00bbsmall\u00a0\u00bb css=\u00a0\u00bb.vc_custom_1562514036910{padding-top: 5% !important;padding-right: 10% !important;padding-bottom: 5% !important;padding-left: 10% !important;}\u00a0\u00bb]<div class=\"grve-element grve-box-icon grve-extra-small grve-side-icon grve-align-left date\" style=\"\"><div class=\"grve-wrapper-icon grve-no-shape\" style=\"\"><i class=\"grve-text-primary-1 smp-icon-calendar\"><\/i><\/div><div class=\"grve-box-content\"><div class=\"grve-box-title-wrapper\"><h3 class=\"grve-box-title grve-link-text\">Disponibilit\u00e9<\/h3><\/div><\/div><\/div><div class=\"grve-leader-text\" style=\"margin-left: 34px;\">\n<span class=\"roomy-not-available\">Cette chambre est d\u00e9j\u00e0 lou\u00e9e<\/span><\/div>\n<div class=\"grve-element grve-box-icon grve-extra-small grve-side-icon grve-align-left\" style=\"\"><div class=\"grve-wrapper-icon grve-no-shape\" style=\"\"><i class=\"grve-text-primary-1 smp-icon-location-pin\"><\/i><\/div><div class=\"grve-box-content\"><div class=\"grve-box-title-wrapper\"><h3 class=\"grve-box-title grve-link-text\">Localisation<\/h3><\/div>  <p class=\"grve-leader-text\">M\u00e9tro Saint-Guidon<\/p><\/div><\/div><div class=\"grve-element grve-box-icon grve-extra-small grve-side-icon grve-align-left\" style=\"\"><div class=\"grve-wrapper-icon grve-no-shape\" style=\"\"><i class=\"grve-text-primary-1 smp-icon-frame\"><\/i><\/div><div class=\"grve-box-content\"><div class=\"grve-box-title-wrapper\"><h3 class=\"grve-box-title grve-link-text\">Superficie de la chambre<\/h3><\/div>  <p class=\"grve-leader-text\">14 m<sup>2<\/sup><\/p><\/div><\/div><div class=\"grve-element grve-box-icon grve-extra-small grve-side-icon grve-align-left\" style=\"\"><div class=\"grve-wrapper-icon grve-no-shape\" style=\"\"><i class=\"grve-text-primary-1 smp-icon-people\"><\/i><\/div><div class=\"grve-box-content\"><div class=\"grve-box-title-wrapper\"><h3 class=\"grve-box-title grve-link-text\">Nombre de personnes<\/h3><\/div>  <p class=\"grve-leader-text\">1 <\/p><\/div><\/div><div class=\"grve-element grve-box-icon grve-extra-small grve-side-icon grve-align-left\" style=\"\"><div class=\"grve-wrapper-icon grve-no-shape\" style=\"\"><i class=\"grve-text-primary-1 smp-icon-drop\"><\/i><\/div><div class=\"grve-box-content\"><div class=\"grve-box-title-wrapper\"><h3 class=\"grve-box-title grve-link-text\">Salle de douche<\/h3><\/div>  <p class=\"grve-leader-text\">Priv\u00e9e<\/p><\/div><\/div><div class=\"grve-element grve-box-icon grve-extra-small grve-side-icon grve-align-left\" style=\"\"><div class=\"grve-wrapper-icon grve-no-shape\" style=\"\"><i class=\"grve-text-primary-1 smp-icon-layers\"><\/i><\/div><div class=\"grve-box-content\"><div class=\"grve-box-title-wrapper\"><h3 class=\"grve-box-title grve-link-text\">\u00c9tage<\/h3><\/div>  <p class=\"grve-leader-text\">Rez<\/p><\/div><\/div><div class=\"grve-empty-space grve-height-1x\" style=\"\"><\/div><div class=\"grve-element grve-align-center\"><a href=\"\/fr\/contact\" class=\"grve-btn grve-btn-medium grve-extra-round grve-bg-primary-1 grve-bg-hover-primary-2\"><span><i class=\"smp-icon-envelope\"><\/i>Contactez-nous<\/span><\/a><\/div><div class=\"grve-empty-space\" style=\"height: 15px;\"><\/div><div class=\"grve-element grve-align-center\"><a href=\"\/fr\/maisons\" class=\"grve-btn grve-btn-medium grve-btn-underline grve-text-primary-1 grve-text-hover-primary-1\"><span>Plus d'infos sur la maison<span class=\"grve-btn-bottom-line grve-bg-primary-2\"><\/span><\/span><\/a><\/div>[\/vc_column][\/vc_row]<\/p>\n<\/div>","protected":false},"excerpt":{"rendered":"<p>[vc_row padding_top_multiplier=\u00a0\u00bb\u00a0\u00bb padding_bottom_multiplier=\u00a0\u00bb\u00a0\u00bb equal_column_height=\u00a0\u00bbmiddle-content\u00a0\u00bb][vc_column width=\u00a0\u00bb3\/5&Prime; css=\u00a0\u00bb.vc_custom_1560443423244{margin-bottom: 30px !important;}\u00a0\u00bb][vc_column_text]Chambre exclusive au rez de chauss\u00e9e b\u00e9n\u00e9ficiant de sa salle de douche priv\u00e9e ainsi que d&rsquo;un acc\u00e8s direct \u00e0 la terrasse et au jardin \u00e0 travers une lumineuse porte-fen\u00eatre.[\/vc_column_text][\/vc_column][vc_column width=\u00a0\u00bb2\/5&Prime; shadow=\u00a0\u00bbsmall\u00a0\u00bb css=\u00a0\u00bb.vc_custom_1562514036910{padding-top: 5% !important;padding-right: 10% !important;padding-bottom: 5% !important;padding-left: 10% !important;}\u00a0\u00bb][\/vc_column][\/vc_row]<\/p>\n","protected":false},"author":1,"featured_media":0,"comment_status":"closed","ping_status":"closed","sticky":false,"template":"","format":"standard","meta":{"inline_featured_image":false,"footnotes":""},"categories":[8],"tags":[],"class_list":["post-16336","post","type-post","status-publish","format-standard","hentry","category-bruxelles-anderlecht-parc"],"yoast_head":"<!-- This site is optimized with the Yoast SEO Premium plugin v25.5 (Yoast SEO v26.3) - https:\/\/yoast.com\/wordpress\/plugins\/seo\/ -->\n<title>House by the Lake - Bruxelles Anderlecht (Parc) - Roomy<\/title>\n<meta name=\"description\" content=\"&quot;House by the Lake&quot; est une chambre au rez de chauss\u00e9e avec sa salle de douche priv\u00e9e et son acc\u00e8s \u00e0 la terrasse et au jardin via une porte-fen\u00eatre.\" \/>\n<meta name=\"robots\" content=\"index, follow, max-snippet:-1, max-image-preview:large, max-video-preview:-1\" \/>\n<link rel=\"canonical\" href=\"https:\/\/www.roomy.be\/fr\/bruxelles-anderlecht-parc\/chambre-house-by-the-lake\/\" \/>\n<meta property=\"og:locale\" content=\"fr_FR\" \/>\n<meta property=\"og:type\" content=\"article\" \/>\n<meta property=\"og:title\" content=\"House by the Lake - Bruxelles Anderlecht (Parc)\" \/>\n<meta property=\"og:description\" content=\"Chambre exclusive au rez de chauss\u00e9e b\u00e9n\u00e9ficiant de sa salle de douche priv\u00e9e ainsi que d&#039;un acc\u00e8s direct \u00e0 la terrasse et au jardin \u00e0 travers une\" \/>\n<meta property=\"og:url\" content=\"https:\/\/www.roomy.be\/fr\/bruxelles-anderlecht-parc\/chambre-house-by-the-lake\/\" \/>\n<meta property=\"og:site_name\" content=\"Roomy\" \/>\n<meta property=\"article:publisher\" content=\"https:\/\/www.facebook.com\/cosycoliving\/\" \/>\n<meta property=\"article:published_time\" content=\"2019-12-01T05:10:51+00:00\" \/>\n<meta property=\"article:modified_time\" content=\"2020-09-17T09:06:14+00:00\" \/>\n<meta name=\"author\" content=\"vb_roomy\" \/>\n<meta name=\"twitter:card\" content=\"summary_large_image\" \/>\n<meta name=\"twitter:label1\" content=\"\u00c9crit par\" \/>\n\t<meta name=\"twitter:data1\" content=\"vb_roomy\" \/>\n\t<meta name=\"twitter:label2\" content=\"Dur\u00e9e de lecture estim\u00e9e\" \/>\n\t<meta name=\"twitter:data2\" content=\"2 minutes\" \/>\n<script type=\"application\/ld+json\" class=\"yoast-schema-graph\">{\"@context\":\"https:\/\/schema.org\",\"@graph\":[{\"@type\":\"Article\",\"@id\":\"https:\/\/www.roomy.be\/fr\/bruxelles-anderlecht-parc\/chambre-house-by-the-lake\/#article\",\"isPartOf\":{\"@id\":\"https:\/\/www.roomy.be\/fr\/bruxelles-anderlecht-parc\/chambre-house-by-the-lake\/\"},\"author\":{\"name\":\"vb_roomy\",\"@id\":\"https:\/\/www.roomy.be\/fr\/#\/schema\/person\/b5543aa1e9507ade5465384a6de8dee1\"},\"headline\":\"House by the Lake &#8211; Bruxelles Anderlecht (Parc)\",\"datePublished\":\"2019-12-01T05:10:51+00:00\",\"dateModified\":\"2020-09-17T09:06:14+00:00\",\"mainEntityOfPage\":{\"@id\":\"https:\/\/www.roomy.be\/fr\/bruxelles-anderlecht-parc\/chambre-house-by-the-lake\/\"},\"wordCount\":378,\"publisher\":{\"@id\":\"https:\/\/www.roomy.be\/fr\/#organization\"},\"articleSection\":[\"Bruxelles Anderlecht (Parc)\"],\"inLanguage\":\"fr-FR\"},{\"@type\":\"WebPage\",\"@id\":\"https:\/\/www.roomy.be\/fr\/bruxelles-anderlecht-parc\/chambre-house-by-the-lake\/\",\"url\":\"https:\/\/www.roomy.be\/fr\/bruxelles-anderlecht-parc\/chambre-house-by-the-lake\/\",\"name\":\"House by the Lake - Bruxelles Anderlecht (Parc) - Roomy\",\"isPartOf\":{\"@id\":\"https:\/\/www.roomy.be\/fr\/#website\"},\"datePublished\":\"2019-12-01T05:10:51+00:00\",\"dateModified\":\"2020-09-17T09:06:14+00:00\",\"description\":\"\\\"House by the Lake\\\" est une chambre au rez de chauss\u00e9e avec sa salle de douche priv\u00e9e et son acc\u00e8s \u00e0 la terrasse et au jardin via une porte-fen\u00eatre.\",\"breadcrumb\":{\"@id\":\"https:\/\/www.roomy.be\/fr\/bruxelles-anderlecht-parc\/chambre-house-by-the-lake\/#breadcrumb\"},\"inLanguage\":\"fr-FR\",\"potentialAction\":[{\"@type\":\"ReadAction\",\"target\":[\"https:\/\/www.roomy.be\/fr\/bruxelles-anderlecht-parc\/chambre-house-by-the-lake\/\"]}]},{\"@type\":\"BreadcrumbList\",\"@id\":\"https:\/\/www.roomy.be\/fr\/bruxelles-anderlecht-parc\/chambre-house-by-the-lake\/#breadcrumb\",\"itemListElement\":[{\"@type\":\"ListItem\",\"position\":1,\"name\":\"Accueil\",\"item\":\"https:\/\/www.roomy.be\/fr\/\"},{\"@type\":\"ListItem\",\"position\":2,\"name\":\"House by the Lake &#8211; Bruxelles Anderlecht (Parc)\"}]},{\"@type\":\"WebSite\",\"@id\":\"https:\/\/www.roomy.be\/fr\/#website\",\"url\":\"https:\/\/www.roomy.be\/fr\/\",\"name\":\"Roomy\",\"description\":\"Cosy co-living\",\"publisher\":{\"@id\":\"https:\/\/www.roomy.be\/fr\/#organization\"},\"potentialAction\":[{\"@type\":\"SearchAction\",\"target\":{\"@type\":\"EntryPoint\",\"urlTemplate\":\"https:\/\/www.roomy.be\/fr\/?s={search_term_string}\"},\"query-input\":{\"@type\":\"PropertyValueSpecification\",\"valueRequired\":true,\"valueName\":\"search_term_string\"}}],\"inLanguage\":\"fr-FR\"},{\"@type\":\"Organization\",\"@id\":\"https:\/\/www.roomy.be\/fr\/#organization\",\"name\":\"Roomy sprl\",\"url\":\"https:\/\/www.roomy.be\/fr\/\",\"logo\":{\"@type\":\"ImageObject\",\"inLanguage\":\"fr-FR\",\"@id\":\"https:\/\/www.roomy.be\/fr\/#\/schema\/logo\/image\/\",\"url\":\"\",\"contentUrl\":\"\",\"caption\":\"Roomy sprl\"},\"image\":{\"@id\":\"https:\/\/www.roomy.be\/fr\/#\/schema\/logo\/image\/\"},\"sameAs\":[\"https:\/\/www.facebook.com\/cosycoliving\/\",\"https:\/\/www.instagram.com\/roomy_cosycoliving\/\"]},{\"@type\":\"Person\",\"@id\":\"https:\/\/www.roomy.be\/fr\/#\/schema\/person\/b5543aa1e9507ade5465384a6de8dee1\",\"name\":\"vb_roomy\",\"url\":\"https:\/\/www.roomy.be\/fr\/author\/vb_roomy\/\"}]}<\/script>\n<!-- \/ Yoast SEO Premium plugin. -->","yoast_head_json":{"title":"House by the Lake - Bruxelles Anderlecht (Parc) - Roomy","description":"\"House by the Lake\" est une chambre au rez de chauss\u00e9e avec sa salle de douche priv\u00e9e et son acc\u00e8s \u00e0 la terrasse et au jardin via une porte-fen\u00eatre.","robots":{"index":"index","follow":"follow","max-snippet":"max-snippet:-1","max-image-preview":"max-image-preview:large","max-video-preview":"max-video-preview:-1"},"canonical":"https:\/\/www.roomy.be\/fr\/bruxelles-anderlecht-parc\/chambre-house-by-the-lake\/","og_locale":"fr_FR","og_type":"article","og_title":"House by the Lake - Bruxelles Anderlecht (Parc)","og_description":"Chambre exclusive au rez de chauss\u00e9e b\u00e9n\u00e9ficiant de sa salle de douche priv\u00e9e ainsi que d'un acc\u00e8s direct \u00e0 la terrasse et au jardin \u00e0 travers une","og_url":"https:\/\/www.roomy.be\/fr\/bruxelles-anderlecht-parc\/chambre-house-by-the-lake\/","og_site_name":"Roomy","article_publisher":"https:\/\/www.facebook.com\/cosycoliving\/","article_published_time":"2019-12-01T05:10:51+00:00","article_modified_time":"2020-09-17T09:06:14+00:00","author":"vb_roomy","twitter_card":"summary_large_image","twitter_misc":{"\u00c9crit par":"vb_roomy","Dur\u00e9e de lecture estim\u00e9e":"2 minutes"},"schema":{"@context":"https:\/\/schema.org","@graph":[{"@type":"Article","@id":"https:\/\/www.roomy.be\/fr\/bruxelles-anderlecht-parc\/chambre-house-by-the-lake\/#article","isPartOf":{"@id":"https:\/\/www.roomy.be\/fr\/bruxelles-anderlecht-parc\/chambre-house-by-the-lake\/"},"author":{"name":"vb_roomy","@id":"https:\/\/www.roomy.be\/fr\/#\/schema\/person\/b5543aa1e9507ade5465384a6de8dee1"},"headline":"House by the Lake &#8211; Bruxelles Anderlecht (Parc)","datePublished":"2019-12-01T05:10:51+00:00","dateModified":"2020-09-17T09:06:14+00:00","mainEntityOfPage":{"@id":"https:\/\/www.roomy.be\/fr\/bruxelles-anderlecht-parc\/chambre-house-by-the-lake\/"},"wordCount":378,"publisher":{"@id":"https:\/\/www.roomy.be\/fr\/#organization"},"articleSection":["Bruxelles Anderlecht (Parc)"],"inLanguage":"fr-FR"},{"@type":"WebPage","@id":"https:\/\/www.roomy.be\/fr\/bruxelles-anderlecht-parc\/chambre-house-by-the-lake\/","url":"https:\/\/www.roomy.be\/fr\/bruxelles-anderlecht-parc\/chambre-house-by-the-lake\/","name":"House by the Lake - Bruxelles Anderlecht (Parc) - Roomy","isPartOf":{"@id":"https:\/\/www.roomy.be\/fr\/#website"},"datePublished":"2019-12-01T05:10:51+00:00","dateModified":"2020-09-17T09:06:14+00:00","description":"\"House by the Lake\" est une chambre au rez de chauss\u00e9e avec sa salle de douche priv\u00e9e et son acc\u00e8s \u00e0 la terrasse et au jardin via une porte-fen\u00eatre.","breadcrumb":{"@id":"https:\/\/www.roomy.be\/fr\/bruxelles-anderlecht-parc\/chambre-house-by-the-lake\/#breadcrumb"},"inLanguage":"fr-FR","potentialAction":[{"@type":"ReadAction","target":["https:\/\/www.roomy.be\/fr\/bruxelles-anderlecht-parc\/chambre-house-by-the-lake\/"]}]},{"@type":"BreadcrumbList","@id":"https:\/\/www.roomy.be\/fr\/bruxelles-anderlecht-parc\/chambre-house-by-the-lake\/#breadcrumb","itemListElement":[{"@type":"ListItem","position":1,"name":"Accueil","item":"https:\/\/www.roomy.be\/fr\/"},{"@type":"ListItem","position":2,"name":"House by the Lake &#8211; Bruxelles Anderlecht (Parc)"}]},{"@type":"WebSite","@id":"https:\/\/www.roomy.be\/fr\/#website","url":"https:\/\/www.roomy.be\/fr\/","name":"Roomy","description":"Cosy co-living","publisher":{"@id":"https:\/\/www.roomy.be\/fr\/#organization"},"potentialAction":[{"@type":"SearchAction","target":{"@type":"EntryPoint","urlTemplate":"https:\/\/www.roomy.be\/fr\/?s={search_term_string}"},"query-input":{"@type":"PropertyValueSpecification","valueRequired":true,"valueName":"search_term_string"}}],"inLanguage":"fr-FR"},{"@type":"Organization","@id":"https:\/\/www.roomy.be\/fr\/#organization","name":"Roomy sprl","url":"https:\/\/www.roomy.be\/fr\/","logo":{"@type":"ImageObject","inLanguage":"fr-FR","@id":"https:\/\/www.roomy.be\/fr\/#\/schema\/logo\/image\/","url":"","contentUrl":"","caption":"Roomy sprl"},"image":{"@id":"https:\/\/www.roomy.be\/fr\/#\/schema\/logo\/image\/"},"sameAs":["https:\/\/www.facebook.com\/cosycoliving\/","https:\/\/www.instagram.com\/roomy_cosycoliving\/"]},{"@type":"Person","@id":"https:\/\/www.roomy.be\/fr\/#\/schema\/person\/b5543aa1e9507ade5465384a6de8dee1","name":"vb_roomy","url":"https:\/\/www.roomy.be\/fr\/author\/vb_roomy\/"}]}},"_links":{"self":[{"href":"https:\/\/www.roomy.be\/fr\/wp-json\/wp\/v2\/posts\/16336","targetHints":{"allow":["GET"]}}],"collection":[{"href":"https:\/\/www.roomy.be\/fr\/wp-json\/wp\/v2\/posts"}],"about":[{"href":"https:\/\/www.roomy.be\/fr\/wp-json\/wp\/v2\/types\/post"}],"author":[{"embeddable":true,"href":"https:\/\/www.roomy.be\/fr\/wp-json\/wp\/v2\/users\/1"}],"replies":[{"embeddable":true,"href":"https:\/\/www.roomy.be\/fr\/wp-json\/wp\/v2\/comments?post=16336"}],"version-history":[{"count":28,"href":"https:\/\/www.roomy.be\/fr\/wp-json\/wp\/v2\/posts\/16336\/revisions"}],"predecessor-version":[{"id":16355,"href":"https:\/\/www.roomy.be\/fr\/wp-json\/wp\/v2\/posts\/16336\/revisions\/16355"}],"wp:attachment":[{"href":"https:\/\/www.roomy.be\/fr\/wp-json\/wp\/v2\/media?parent=16336"}],"wp:term":[{"taxonomy":"category","embeddable":true,"href":"https:\/\/www.roomy.be\/fr\/wp-json\/wp\/v2\/categories?post=16336"},{"taxonomy":"post_tag","embeddable":true,"href":"https:\/\/www.roomy.be\/fr\/wp-json\/wp\/v2\/tags?post=16336"}],"curies":[{"name":"wp","href":"https:\/\/api.w.org\/{rel}","templated":true}]}}